{"id":21841,"date":"2021-09-13T09:00:00","date_gmt":"2021-09-13T07:00:00","guid":{"rendered":"https:\/\/bcul.321dev.ch\/hommage-a-michel-corboz\/"},"modified":"2021-09-17T10:55:00","modified_gmt":"2021-09-17T08:55:00","slug":"hommage-a-michel-corboz","status":"publish","type":"post","link":"https:\/\/bcul.321dev.ch\/en\/en-ce-moment-en\/hommage-a-michel-corboz\/","title":{"rendered":"Hommage \u00e0 Michel Corboz"},"content":{"rendered":"\n<p>Le chef de ch\u0153ur et d&#8217;orchestre fribourgeois, lausannois d\u2019adoption, Michel Corboz est d\u00e9c\u00e9d\u00e9 le 2 septembre \u00e0 l&#8217;\u00e2ge de 87 ans. Il laisse une trace profonde et ind\u00e9l\u00e9bile dans la vie chorale romande. Oui, parce que les ch\u0153urs et la voix humaine \u00e9taient certainement sa passion&nbsp;!<\/p>\n\n\n\n<p>Fondateur de l\u2019Ensemble Vocal de Lausanne qu&#8217;il dirige pendant pr\u00e8s de 50 ans, chef titulaire du Ch\u0153ur Gulbenkian \u00e0 Lisbonne, professeur de direction chorale au Conservatoire de Gen\u00e8ve, compositeur. Michel Corboz consacre sa vie \u00e0 l\u2019art vocal et son charisme unit toute une g\u00e9n\u00e9ration de chanteurs et chanteuses, de chefs et cheffes de ch\u0153ur et d\u2019orchestre. C\u2019est lui qui a form\u00e9 la plupart des grands chefs et cheffes de ch\u0153ur actuels.<\/p>\n\n\n\n<p>Michel Corboz peut se targuer d\u2019avoir \u00e9t\u00e9 proph\u00e8te en son pays. Plusieurs prix lui sont attribu\u00e9s par diff\u00e9rentes fondations vaudoises et suisses. Et en m\u00eame temps, il atteigne une renomm\u00e9e internationale consacr\u00e9e par de nombreuses r\u00e9compenses et surtout par la reconnaissance de la critique et du public.<\/p>\n\n\n\n<figure class=\"wp-block-embed is-type-video is-provider-youtube wp-block-embed-youtube wp-embed-aspect-16-9 wp-has-aspect-ratio\"><div class=\"wp-block-embed__wrapper\">\n<iframe loading=\"lazy\" title=\"#23 WALLCAST MICHEL CORBOZ\" width=\"500\" height=\"281\" src=\"https:\/\/www.youtube.com\/embed\/5GJgRbzhxZ0?feature=oembed\" frameborder=\"0\" allow=\"accelerometer; autoplay; clipboard-write; encrypted-media; gyroscope; picture-in-picture; web-share\" referrerpolicy=\"strict-origin-when-cross-origin\" allowfullscreen><\/iframe>\n<\/div><\/figure>\n\n\n\n<p>En juin dernier, dans le cadre du premier Festival Haydn-Mozart de Gen\u00e8ve, le sp\u00e9cialiste du r\u00e9pertoire sacr\u00e9 sort de sa retraite et revient \u00e0 la direction, le temps d\u2019une soir\u00e9e. En dirigeant la <em>Messe en ut mineur<\/em> de Mozart, il montre une fois de plus toute sa noblesse et donne son concert d\u2019adieu.<\/p>\n\n\n\n<p>Au <em>Journal de Gen\u00e8ve<\/em>, il confiait en 1994 : \u00ab J\u2019essaie de faire en sorte que la voix s\u2019exprime comme un acte d\u2019amour. Car un son qui n\u2019est pas sensuel, une voix qui n\u2019a pas de couleur ou d\u2019odeur, c\u2019est un bruit \u00bb. Gr\u00e2ce \u00e0 ses nombreux enregistrements, son amour pour la voix et la musique va nous accompagner pour toujours.<\/p>\n\n\n\n<figure class=\"wp-block-embed is-type-video is-provider-youtube wp-block-embed-youtube wp-embed-aspect-16-9 wp-has-aspect-ratio\"><div class=\"wp-block-embed__wrapper\">\n<iframe loading=\"lazy\" title=\"Mozart - Requiem - Michel Corboz - Int\u00e9gral -\" width=\"500\" height=\"281\" src=\"https:\/\/www.youtube.com\/embed\/vOI1Q95eGxY?feature=oembed\" frameborder=\"0\" allow=\"accelerometer; autoplay; clipboard-write; encrypted-media; gyroscope; picture-in-picture; web-share\" referrerpolicy=\"strict-origin-when-cross-origin\" allowfullscreen><\/iframe>\n<\/div><\/figure>\n\n\n\n<p><strong>Lien<\/strong><\/p>\n\n\n\n<p>Michel Corboz dans la plateforme <a href=\"https:\/\/www.patrinum.ch\/record\/40149?ln=fr#?c=0&amp;m=0&amp;s=0&amp;cv=0\" target=\"_blank\" rel=\"noreferrer noopener\">Patrinum<\/a> propos\u00e9e par la BCUL.<\/p>\n\n\n\n<p><strong>A voir et \u00e0 \u00e9couter<\/strong>&nbsp;:<\/p>\n\n\n\n<div class=\"wp-block-group\"><div class=\"wp-block-group__inner-container is-layout-flow wp-block-group-is-layout-flow\">\n<p>Profitez des ressources de la BCUL, accessibles sur place sur les sites Riponne et Unith\u00e8que. Le d\u00e9tour en vaut la peine, renseignez-vous aux guichets ! <\/p>\n\n\n\n<ul><li>Les <a href=\"https:\/\/renouvaud1.primo.exlibrisgroup.com\/discovery\/dbfulldisplay?docid=alma991021378691502852&amp;context=L&amp;vid=41BCULAUSA_LIB:VU2&amp;lang=fr&amp;adaptor=Local%20Search%20Engine&amp;tab=jsearch_slot&amp;query=contains,dbcategory,&amp;sortby=title&amp;offset=0&amp;databases=category,Musique%E2%94%80Musique%20suisse\" target=\"_blank\" rel=\"noreferrer noopener\">Archives sonores de la RTS<\/a>, vous y trouvez des enregistrements sonores ainsi que des entretiens et des rencontres avec Michel Corboz.<\/li><li>Les <a href=\"https:\/\/www.fonoteca.ch\/cgi-bin\/oecgi4.exe\/inet_fnbasesearch?SEARCH_LINE=Corboz%2C+Michel&amp;LNG_ID=FRA&amp;N_FLAG=1\" target=\"_blank\" rel=\"noreferrer noopener\">Archives sonores de la Phonoth\u00e8que nationale suisse<\/a>, vous permettent d\u2019\u00e9couter tous les documents d\u00e9j\u00e0 num\u00e9ris\u00e9s en relation avec Michel Corboz. Possibilit\u00e9 de demander la num\u00e9risation d\u2019un document via un formulaire en ligne (disponible sur la notice).<\/li><\/ul>\n<\/div><\/div>\n\n\n\n<p> En hommage \u00e0 Michel Corboz, la RTS ouvre ses archives&nbsp;: <a href=\"https:\/\/www.rts.ch\/info\/culture\/musiques\/12464012-figure-majeure-de-lart-vocal-le-musicien-michel-corboz-sen-est-alle.html\" target=\"_blank\" rel=\"noreferrer noopener\">Figure majeure de l&#8217;art vocal, le musicien Michel Corboz s&#8217;en est all\u00e9<\/a> et <a href=\"https:\/\/www.rts.ch\/archives\/dossiers\/12464307-michel-corboz-lame-musicienne.html\" target=\"_blank\" rel=\"noreferrer noopener\">Michel Corboz, l&#8217;\u00e2me musicienne<\/a>.<\/p>\n\n\n\n<div class=\"wp-block-group\"><div class=\"wp-block-group__inner-container is-layout-flow wp-block-group-is-layout-flow\">\n<p>Federica, service Musicologie et musique imprim\u00e9e<\/p>\n<\/div><\/div>\n","protected":false},"excerpt":{"rendered":"<p>Le chef de ch\u0153ur et d&#8217;orchestre fribourgeois, lausannois d\u2019adoption, Michel Corboz est d\u00e9c\u00e9d\u00e9 le 2 septembre \u00e0 l&#8217;\u00e2ge de 87 ans. Il laisse une trace profonde et ind\u00e9l\u00e9bile dans la vie chorale romande. Oui, parce que les ch\u0153urs et la voix humaine \u00e9taient certainement sa passion&nbsp;! Fondateur de l\u2019Ensemble Vocal de Lausanne qu&#8217;il dirige pendant [&hellip;]<\/p>\n","protected":false},"author":28,"featured_media":21574,"comment_status":"open","ping_status":"open","sticky":false,"template":"","format":"standard","meta":{"_acf_changed":false,"_oasis_is_in_workflow":0,"_oasis_original":0,"_oasis_task_priority":"2normal","footnotes":""},"categories":[1278,1279],"coauthors":[619],"acf":[],"_links":{"self":[{"href":"https:\/\/bcul.321dev.ch\/en\/wp-json\/wp\/v2\/posts\/21841"}],"collection":[{"href":"https:\/\/bcul.321dev.ch\/en\/wp-json\/wp\/v2\/posts"}],"about":[{"href":"https:\/\/bcul.321dev.ch\/en\/wp-json\/wp\/v2\/types\/post"}],"author":[{"embeddable":true,"href":"https:\/\/bcul.321dev.ch\/en\/wp-json\/wp\/v2\/users\/28"}],"replies":[{"embeddable":true,"href":"https:\/\/bcul.321dev.ch\/en\/wp-json\/wp\/v2\/comments?post=21841"}],"version-history":[{"count":1,"href":"https:\/\/bcul.321dev.ch\/en\/wp-json\/wp\/v2\/posts\/21841\/revisions"}],"predecessor-version":[{"id":21843,"href":"https:\/\/bcul.321dev.ch\/en\/wp-json\/wp\/v2\/posts\/21841\/revisions\/21843"}],"wp:featuredmedia":[{"embeddable":true,"href":"https:\/\/bcul.321dev.ch\/en\/wp-json\/wp\/v2\/media\/21574"}],"wp:attachment":[{"href":"https:\/\/bcul.321dev.ch\/en\/wp-json\/wp\/v2\/media?parent=21841"}],"wp:term":[{"taxonomy":"category","embeddable":true,"href":"https:\/\/bcul.321dev.ch\/en\/wp-json\/wp\/v2\/categories?post=21841"},{"taxonomy":"author","embeddable":true,"href":"https:\/\/bcul.321dev.ch\/en\/wp-json\/wp\/v2\/coauthors?post=21841"}],"curies":[{"name":"wp","href":"https:\/\/api.w.org\/{rel}","templated":true}]}}